{"id":96,"date":"2026-08-25T18:44:18","date_gmt":"2026-08-25T21:44:18","guid":{"rendered":"https:\/\/consultoriaexato.com.br\/blog\/?p=96"},"modified":"2026-08-31T12:22:15","modified_gmt":"2026-08-31T15:22:15","slug":"quem-precisa-de-licenciamento-ambiental","status":"publish","type":"post","link":"https:\/\/consultoriaexato.com.br\/blog\/quem-precisa-de-licenciamento-ambiental\/","title":{"rendered":"Quem precisa de licenciamento ambiental, quem autoriza e quem pode conduzir o processo"},"content":{"rendered":"\n<p class=\"wp-block-paragraph\">Tr\u00eas perguntas costumam chegar juntas ao setor de meio ambiente e t\u00eam respostas diferentes: minha empresa precisa licenciar? Qual \u00f3rg\u00e3o decide? E quem pode assinar o processo?<\/p>\n\n\n\n<p class=\"wp-block-paragraph\">Confundir as tr\u00eas \u00e9 comum e caro. Empresa que protocola no \u00f3rg\u00e3o errado perde meses. Empresa que contrata quem n\u00e3o pode assumir a responsabilidade t\u00e9cnica tem o processo devolvido. E empresa que presume estar dispensada porque &#8220;sempre foi assim&#8221; descobre a obriga\u00e7\u00e3o na fiscaliza\u00e7\u00e3o.<\/p>\n\n\n\n<p class=\"wp-block-paragraph\">Este guia separa os tr\u00eas &#8220;quem&#8221; do licenciamento ambiental, com a base legal de cada um.<\/p>\n\n\n\n<h2 class=\"wp-block-heading\">Quem precisa de licenciamento ambiental<\/h2>\n\n\n\n<p class=\"wp-block-paragraph\">A regra geral vem da Pol\u00edtica Nacional do Meio Ambiente e foi mantida pela <a href=\"https:\/\/www.planalto.gov.br\/ccivil_03\/_ato2023-2026\/2025\/lei\/L15190.htm\" target=\"_blank\" rel=\"noopener\">Lei n\u00ba 15.190\/2025<\/a>: est\u00e3o sujeitas ao licenciamento as atividades e os empreendimentos&nbsp;<strong>utilizadores de recursos ambientais, efetiva ou potencialmente poluidores, ou capazes, sob qualquer forma, de causar degrada\u00e7\u00e3o ambiental<\/strong>.<\/p>\n\n\n\n<p class=\"wp-block-paragraph\">Essa f\u00f3rmula \u00e9 ampla de prop\u00f3sito. A concretiza\u00e7\u00e3o vem das&nbsp;<strong>listas de atividades sujeitas a licenciamento<\/strong>, estabelecidas por ato do ente federativo competente \u2014 e \u00e9 nessas listas, n\u00e3o na lei federal, que a empresa encontra a resposta objetiva sobre sua atividade.<\/p>\n\n\n\n<h3 class=\"wp-block-heading\">Os crit\u00e9rios que definem o enquadramento<\/h3>\n\n\n\n<p class=\"wp-block-paragraph\">Tr\u00eas vari\u00e1veis, combinadas, determinam se h\u00e1 obriga\u00e7\u00e3o e qual \u00e9 o rito:<\/p>\n\n\n\n<ul class=\"wp-block-list\">\n<li><strong>Tipologia da atividade<\/strong>\u00a0\u2014 o c\u00f3digo correspondente ao processo produtivo na lista do \u00f3rg\u00e3o competente. \u00c9 aqui que a maioria dos erros come\u00e7a: uma classifica\u00e7\u00e3o imprecisa da atividade altera exig\u00eancias, estudos e tempo de tramita\u00e7\u00e3o.<\/li>\n\n\n\n<li><strong>Porte<\/strong>\u00a0\u2014 medido por par\u00e2metros como \u00e1rea constru\u00edda, capacidade instalada, n\u00famero de empregados ou volume de produ\u00e7\u00e3o, conforme o crit\u00e9rio do \u00f3rg\u00e3o.<\/li>\n\n\n\n<li><strong>Potencial poluidor<\/strong>\u00a0\u2014 baixo, m\u00e9dio ou alto, definido pela tipologia e pelos aspectos ambientais associados.<\/li>\n<\/ul>\n\n\n\n<p class=\"wp-block-paragraph\">Da combina\u00e7\u00e3o entre porte e potencial poluidor sai o enquadramento, que define a modalidade de licen\u00e7a aplic\u00e1vel, os estudos exigidos e o prazo de an\u00e1lise.<\/p>\n\n\n\n<h3 class=\"wp-block-heading\">Quando o licenciamento \u00e9 exigido<\/h3>\n\n\n\n<p class=\"wp-block-paragraph\">N\u00e3o apenas na abertura. O licenciamento \u00e9 acionado em situa\u00e7\u00f5es que a rotina industrial produz com frequ\u00eancia:<\/p>\n\n\n\n<ul class=\"wp-block-list\">\n<li><strong>Implanta\u00e7\u00e3o<\/strong>\u00a0de nova unidade ou nova atividade.<\/li>\n\n\n\n<li><strong>Amplia\u00e7\u00e3o<\/strong>\u00a0de capacidade produtiva ou de \u00e1rea.<\/li>\n\n\n\n<li><strong>Altera\u00e7\u00e3o de processo<\/strong>, de mat\u00e9ria-prima ou de insumo que modifique o perfil de emiss\u00f5es, efluentes ou res\u00edduos.<\/li>\n\n\n\n<li><strong>Instala\u00e7\u00e3o de novo equipamento<\/strong>\u00a0com impacto ambiental associado \u2014 fonte de emiss\u00e3o, sistema de tratamento, tanque de armazenamento.<\/li>\n\n\n\n<li><strong>Renova\u00e7\u00e3o<\/strong>\u00a0ao fim do prazo de validade da licen\u00e7a.<\/li>\n\n\n\n<li><strong>Regulariza\u00e7\u00e3o<\/strong>\u00a0de atividade que j\u00e1 opera sem licen\u00e7a v\u00e1lida, hoje pela Licen\u00e7a de Opera\u00e7\u00e3o Corretiva.<\/li>\n\n\n\n<li><strong>Desativa\u00e7\u00e3o<\/strong>\u00a0e encerramento de atividades, quando exigido pelo \u00f3rg\u00e3o.<\/li>\n<\/ul>\n\n\n\n<p class=\"wp-block-paragraph\">Vale registrar uma novidade da Lei 15.190\/2025 que reduz burocracia em situa\u00e7\u00f5es menores: altera\u00e7\u00f5es na opera\u00e7\u00e3o que&nbsp;<strong>n\u00e3o incrementem<\/strong>&nbsp;os impactos ambientais negativos j\u00e1 avaliados, de modo a n\u00e3o alterar o enquadramento, independem de manifesta\u00e7\u00e3o da autoridade licenciadora \u2014 desde que&nbsp;<strong>comunicadas com anteced\u00eancia m\u00ednima de 30 dias<\/strong>. A comunica\u00e7\u00e3o continua obrigat\u00f3ria; o que se dispensa \u00e9 a manifesta\u00e7\u00e3o pr\u00e9via.<\/p>\n\n\n\n<h3 class=\"wp-block-heading\">Quem est\u00e1 dispensado<\/h3>\n\n\n\n<p class=\"wp-block-paragraph\">O art. 8\u00ba da lei lista atividades n\u00e3o sujeitas a licenciamento, entre elas as n\u00e3o inclu\u00eddas nas listas do ente competente, obras emergenciais de resposta a acidentes e desastres, obras urgentes para prevenir dano iminente, distribui\u00e7\u00e3o de energia el\u00e9trica de at\u00e9 138 kV, servi\u00e7os de manuten\u00e7\u00e3o e melhoramento de infraestrutura preexistente, ecopontos e pontos de entrega volunt\u00e1ria de log\u00edstica reversa.<\/p>\n\n\n\n<p class=\"wp-block-paragraph\">O art. 9\u00ba acrescenta hip\u00f3teses para o meio rural: cultivo de esp\u00e9cies de interesse agr\u00edcola, pecu\u00e1ria extensiva e semi-intensiva, pecu\u00e1ria intensiva de pequeno porte e pesquisa agropecu\u00e1ria sem risco biol\u00f3gico, entre outras, sempre atendidas as condi\u00e7\u00f5es que o pr\u00f3prio artigo estabelece.<\/p>\n\n\n\n<p class=\"wp-block-paragraph\">Duas observa\u00e7\u00f5es que evitam interpreta\u00e7\u00e3o equivocada. Primeira: nas dispensas por emerg\u00eancia e urg\u00eancia, a empresa deve apresentar ao \u00f3rg\u00e3o, em at\u00e9&nbsp;<strong>30 dias<\/strong>&nbsp;da conclus\u00e3o, relat\u00f3rio das a\u00e7\u00f5es executadas, assinado por profissional habilitado com registro de responsabilidade t\u00e9cnica. Segunda:&nbsp;<strong>dispensa de licenciamento n\u00e3o \u00e9 dispensa de conformidade<\/strong>&nbsp;\u2014 permanecem exig\u00edveis outorga de uso de recurso h\u00eddrico, autoriza\u00e7\u00e3o de supress\u00e3o de vegeta\u00e7\u00e3o, cadastro e destina\u00e7\u00e3o de res\u00edduos e demais obriga\u00e7\u00f5es aplic\u00e1veis.<\/p>\n\n\n\n<h2 class=\"wp-block-heading\">Quem autoriza: a reparti\u00e7\u00e3o de compet\u00eancias<\/h2>\n\n\n\n<p class=\"wp-block-paragraph\">Quem decide o pedido \u00e9 a&nbsp;<strong>autoridade licenciadora<\/strong>, e a reparti\u00e7\u00e3o entre Uni\u00e3o, estados e munic\u00edpios continua regida pela&nbsp;<strong><a href=\"https:\/\/www.planalto.gov.br\/ccivil_03\/leis\/lcp\/lcp140.htm\" target=\"_blank\" rel=\"noopener\">Lei Complementar n\u00ba 140, de 8 de dezembro de 2011<\/a><\/strong>.<\/p>\n\n\n\n<p class=\"wp-block-paragraph\">O crit\u00e9rio central \u00e9 a&nbsp;<strong>abrang\u00eancia do impacto<\/strong>&nbsp;\u2014 n\u00e3o o porte da empresa nem o valor do investimento. Uma ind\u00fastria de grande porte com impacto restrito ao munic\u00edpio pode ser licenciada pelo \u00f3rg\u00e3o municipal; uma atividade menor que afete duas unidades da federa\u00e7\u00e3o vai para o Ibama.<\/p>\n\n\n\n<h3 class=\"wp-block-heading\">Compet\u00eancia federal<\/h3>\n\n\n\n<p class=\"wp-block-paragraph\">Cabe ao&nbsp;<strong>Ibama<\/strong>, em regra, licenciar empreendimentos e atividades:<\/p>\n\n\n\n<ul class=\"wp-block-list\">\n<li>localizados ou desenvolvidos conjuntamente no Brasil e em pa\u00eds lim\u00edtrofe;<\/li>\n\n\n\n<li>no mar territorial, na plataforma continental ou na zona econ\u00f4mica exclusiva;<\/li>\n\n\n\n<li>em terras ind\u00edgenas;<\/li>\n\n\n\n<li>em unidades de conserva\u00e7\u00e3o institu\u00eddas pela Uni\u00e3o, exceto \u00c1reas de Prote\u00e7\u00e3o Ambiental;<\/li>\n\n\n\n<li>localizados ou desenvolvidos em dois ou mais estados;<\/li>\n\n\n\n<li>de car\u00e1ter militar;<\/li>\n\n\n\n<li>destinados a pesquisar, lavrar, produzir, beneficiar, transportar, armazenar e dispor material radioativo ou que utilizem energia nuclear.<\/li>\n<\/ul>\n\n\n\n<h3 class=\"wp-block-heading\">Compet\u00eancia estadual<\/h3>\n\n\n\n<p class=\"wp-block-paragraph\">Aos&nbsp;<strong>estados<\/strong>&nbsp;cabe licenciar tudo o que n\u00e3o for de compet\u00eancia federal nem municipal \u2014 o que, na pr\u00e1tica, abrange a maior parte da ind\u00fastria brasileira. Tamb\u00e9m \u00e9 do estado o licenciamento de atividades localizadas em unidades de conserva\u00e7\u00e3o estaduais, exceto \u00c1reas de Prote\u00e7\u00e3o Ambiental.<\/p>\n\n\n\n<p class=\"wp-block-paragraph\">Em&nbsp;<strong>S\u00e3o Paulo<\/strong>, a autoridade licenciadora estadual \u00e9 a&nbsp;<strong>CETESB<\/strong>&nbsp;\u2014 Companhia Ambiental do Estado de S\u00e3o Paulo. Em Minas Gerais, a Feam e as unidades regionais do Sisema; no Paran\u00e1, o IAT; em Santa Catarina, o IMA; no Mato Grosso do Sul, o Imasul. Cada estado mant\u00e9m sistema pr\u00f3prio, lista pr\u00f3pria de atividades e crit\u00e9rios pr\u00f3prios de porte e potencial poluidor.<\/p>\n\n\n\n<h3 class=\"wp-block-heading\">Compet\u00eancia municipal<\/h3>\n\n\n\n<p class=\"wp-block-paragraph\">Aos&nbsp;<strong>munic\u00edpios<\/strong>&nbsp;cabe licenciar as atividades de&nbsp;<strong>impacto ambiental local<\/strong>, conforme tipologia definida pelo respectivo conselho estadual de meio ambiente, e as localizadas em unidades de conserva\u00e7\u00e3o municipais, exceto APAs.<\/p>\n\n\n\n<p class=\"wp-block-paragraph\">Para exercer essa compet\u00eancia, o munic\u00edpio precisa de estrutura: \u00f3rg\u00e3o ambiental capacitado, com t\u00e9cnicos pr\u00f3prios ou em cons\u00f3rcio, e conselho de meio ambiente. Onde n\u00e3o h\u00e1, a compet\u00eancia permanece com o estado.<\/p>\n\n\n\n<h3 class=\"wp-block-heading\">Um empreendimento, um licenciador<\/h3>\n\n\n\n<p class=\"wp-block-paragraph\">Este princ\u00edpio evita o erro mais caro do tema:&nbsp;<strong>um empreendimento \u00e9 licenciado por um \u00fanico ente federativo<\/strong>. N\u00e3o existe licenciamento em duplicidade. O que pode existir \u00e9 manifesta\u00e7\u00e3o de outros \u00f3rg\u00e3os dentro do processo conduzido pela autoridade competente \u2014 \u00f3rg\u00e3o de patrim\u00f4nio cultural, autoridade indigenista, \u00f3rg\u00e3o gestor de unidade de conserva\u00e7\u00e3o, autoridade de recursos h\u00eddricos.<\/p>\n\n\n\n<p class=\"wp-block-paragraph\">A Lei 15.190\/2025 refor\u00e7ou essa l\u00f3gica ao dispor sobre a atua\u00e7\u00e3o de \u00f3rg\u00e3os ambientais de outros entes: nos casos de imin\u00eancia ou ocorr\u00eancia de degrada\u00e7\u00e3o, as medidas s\u00e3o comunicadas ao \u00f3rg\u00e3o licenciador, e a manifesta\u00e7\u00e3o t\u00e9cnica deste prevalece, inclusive quando houver lavratura de auto de infra\u00e7\u00e3o por \u00f3rg\u00e3o n\u00e3o licenciador pela mesma hip\u00f3tese de incid\u00eancia.<\/p>\n\n\n\n<h3 class=\"wp-block-heading\">Como identificar o \u00f3rg\u00e3o certo<\/h3>\n\n\n\n<p class=\"wp-block-paragraph\">Na d\u00favida, o caminho pr\u00e1tico \u00e9: verificar se a atividade se enquadra em alguma das hip\u00f3teses federais da LC 140; n\u00e3o se enquadrando, consultar a lista de tipologias de impacto local do conselho estadual do seu estado para saber se \u00e9 municipal; e, n\u00e3o sendo nenhum dos dois, a compet\u00eancia \u00e9 estadual. Consultas pr\u00e9vias formais ao \u00f3rg\u00e3o s\u00e3o poss\u00edveis e recomend\u00e1veis quando o enquadramento n\u00e3o \u00e9 evidente \u2014 e economizam mais tempo do que consomem.<\/p>\n\n\n\n<h2 class=\"wp-block-heading\">Quem pode conduzir o processo<\/h2>\n\n\n\n<p class=\"wp-block-paragraph\">Aqui h\u00e1 duas figuras distintas, frequentemente confundidas.<\/p>\n\n\n\n<h3 class=\"wp-block-heading\">O requerente<\/h3>\n\n\n\n<p class=\"wp-block-paragraph\">Quem solicita a licen\u00e7a \u00e9 o&nbsp;<strong>empreendedor<\/strong>&nbsp;\u2014 a pessoa f\u00edsica ou jur\u00eddica respons\u00e1vel pela atividade. \u00c9 ele quem assume as obriga\u00e7\u00f5es da licen\u00e7a e responde pelo cumprimento das condicionantes. Essa titularidade n\u00e3o se transfere ao consultor contratado.<\/p>\n\n\n\n<h3 class=\"wp-block-heading\">O respons\u00e1vel t\u00e9cnico<\/h3>\n\n\n\n<p class=\"wp-block-paragraph\">A Lei 15.190\/2025 tratou do tema de forma expressa. Pelo art. 4\u00ba, \u00a7 3\u00ba, a responsabilidade t\u00e9cnica pela atividade e pelo empreendimento \u00e9 exercida por&nbsp;<strong>profissionais habilitados, de n\u00edvel m\u00e9dio ou superior<\/strong>, com&nbsp;<strong>forma\u00e7\u00e3o compat\u00edvel com a tipologia, a complexidade e a \u00e1rea de conhecimento<\/strong>&nbsp;da atividade, e com&nbsp;<strong>registro obrigat\u00f3rio de sua condi\u00e7\u00e3o e atua\u00e7\u00e3o em documento de responsabilidade t\u00e9cnica perante o respectivo conselho de fiscaliza\u00e7\u00e3o profissional<\/strong>.<\/p>\n\n\n\n<p class=\"wp-block-paragraph\">Tr\u00eas consequ\u00eancias pr\u00e1ticas dessa reda\u00e7\u00e3o:<\/p>\n\n\n\n<ul class=\"wp-block-list\">\n<li><strong>N\u00e3o existe reserva de mercado para uma \u00fanica forma\u00e7\u00e3o.<\/strong>\u00a0Engenheiro ambiental, engenheiro qu\u00edmico, engenheiro civil, engenheiro de produ\u00e7\u00e3o, bi\u00f3logo, ge\u00f3logo, qu\u00edmico e outros profissionais podem atuar, desde que a forma\u00e7\u00e3o seja compat\u00edvel com a atividade licenciada e com o conte\u00fado t\u00e9cnico do estudo.<\/li>\n\n\n\n<li><strong>A compatibilidade \u00e9 verific\u00e1vel.<\/strong>\u00a0&#8220;Forma\u00e7\u00e3o compat\u00edvel com a tipologia e a complexidade&#8221; significa que a habilita\u00e7\u00e3o precisa cobrir o conte\u00fado do que se est\u00e1 assinando. Um profissional pode ser habilitado para o processo industrial e n\u00e3o ser para o estudo de fauna do mesmo empreendimento \u2014 da\u00ed a pr\u00e1tica de equipes multidisciplinares em estudos complexos.<\/li>\n\n\n\n<li><strong>O documento de responsabilidade t\u00e9cnica \u00e9 obrigat\u00f3rio.<\/strong>\u00a0ART no CREA, RRT no CAU, ou o equivalente do conselho correspondente. Sem ele, n\u00e3o h\u00e1 responsabilidade t\u00e9cnica formalizada \u2014 e o processo fica vulner\u00e1vel.<\/li>\n<\/ul>\n\n\n\n<p class=\"wp-block-paragraph\">Vale ainda a distin\u00e7\u00e3o entre&nbsp;<strong>assinar<\/strong>&nbsp;e&nbsp;<strong>elaborar<\/strong>. Quem assina o documento de responsabilidade t\u00e9cnica responde tecnicamente pelo conte\u00fado perante o conselho de classe, independentemente de quem redigiu o texto. Assinatura de complac\u00eancia \u00e9 infra\u00e7\u00e3o \u00e9tica com consequ\u00eancia disciplinar.<\/p>\n\n\n\n<h3 class=\"wp-block-heading\">Como avaliar quem contratar<\/h3>\n\n\n\n<p class=\"wp-block-paragraph\">Para o gestor que precisa escolher, os crit\u00e9rios que separam trabalho t\u00e9cnico de preenchimento de formul\u00e1rio:<\/p>\n\n\n\n<ul class=\"wp-block-list\">\n<li><strong>Habilita\u00e7\u00e3o verific\u00e1vel<\/strong>\u00a0para a tipologia espec\u00edfica, com emiss\u00e3o de documento de responsabilidade t\u00e9cnica \u2014 solicitada antes da contrata\u00e7\u00e3o, n\u00e3o depois.<\/li>\n\n\n\n<li><strong>Experi\u00eancia na tipologia<\/strong>\u00a0e no \u00f3rg\u00e3o licenciador que vai analisar. Conhecer o procedimento da CETESB n\u00e3o \u00e9 o mesmo que conhecer o do Ibama.<\/li>\n\n\n\n<li><strong>Diagn\u00f3stico antes de proposta.<\/strong>\u00a0Quem apresenta escopo e pre\u00e7o sem entender o hist\u00f3rico documental da planta est\u00e1 precificando um trabalho que ainda n\u00e3o conhece.<\/li>\n\n\n\n<li><strong>Independ\u00eancia em rela\u00e7\u00e3o a fornecedores<\/strong>\u00a0de equipamentos e sistemas de controle, para que a recomenda\u00e7\u00e3o t\u00e9cnica siga o risco real e n\u00e3o um cat\u00e1logo.<\/li>\n\n\n\n<li><strong>Clareza sobre o que \u00e9 do consultor e o que \u00e9 da empresa.<\/strong>\u00a0A titularidade da licen\u00e7a e o cumprimento das condicionantes permanecem com o empreendedor.<\/li>\n<\/ul>\n\n\n\n<p class=\"wp-block-paragraph\">E um alerta sobre prazo: promessa de prazo garantido de emiss\u00e3o \u00e9 sinal de alerta. O prazo de an\u00e1lise \u00e9 do \u00f3rg\u00e3o, hoje com tetos fixados em lei, e depende da qualidade do que foi protocolado. O que o trabalho t\u00e9cnico controla \u00e9 a consist\u00eancia do processo \u2014 que \u00e9 justamente o que reduz complementa\u00e7\u00f5es e exig\u00eancias.<\/p>\n\n\n\n<h2 class=\"wp-block-heading\">Perguntas frequentes<\/h2>\n\n\n\n<h3 class=\"wp-block-heading\">Quem precisa de licenciamento ambiental?<\/h3>\n\n\n\n<p class=\"wp-block-paragraph\">Atividades e empreendimentos utilizadores de recursos ambientais, efetiva ou potencialmente poluidores, ou capazes de causar degrada\u00e7\u00e3o, conforme as listas de tipologias estabelecidas pelo ente federativo competente. Em ambiente industrial, praticamente toda planta se enquadra \u2014 o que varia \u00e9 a modalidade e o rito.<\/p>\n\n\n\n<h3 class=\"wp-block-heading\">Qual \u00f3rg\u00e3o \u00e9 respons\u00e1vel pelo licenciamento ambiental?<\/h3>\n\n\n\n<p class=\"wp-block-paragraph\">Depende da abrang\u00eancia do impacto, conforme a Lei Complementar n\u00ba 140\/2011. Impacto em mais de um estado, terras ind\u00edgenas, mar territorial, unidades de conserva\u00e7\u00e3o federais e atividades nucleares ou militares v\u00e3o ao Ibama. Impacto local definido pelo conselho estadual vai ao munic\u00edpio. O restante \u00e9 do estado \u2014 em S\u00e3o Paulo, a CETESB.<\/p>\n\n\n\n<h3 class=\"wp-block-heading\">Quem autoriza a licen\u00e7a ambiental?<\/h3>\n\n\n\n<p class=\"wp-block-paragraph\">A autoridade licenciadora do ente competente, ap\u00f3s an\u00e1lise t\u00e9cnica do processo. A decis\u00e3o \u00e9 administrativa e vinculada aos estudos apresentados e \u00e0s condicionantes fixadas.<\/p>\n\n\n\n<h3 class=\"wp-block-heading\">Qual profissional pode fazer o licenciamento ambiental?<\/h3>\n\n\n\n<p class=\"wp-block-paragraph\">Profissional habilitado, de n\u00edvel m\u00e9dio ou superior, com forma\u00e7\u00e3o compat\u00edvel com a tipologia, a complexidade e a \u00e1rea de conhecimento da atividade, e com registro obrigat\u00f3rio em documento de responsabilidade t\u00e9cnica perante o conselho de fiscaliza\u00e7\u00e3o profissional (art. 4\u00ba, \u00a7 3\u00ba, da Lei 15.190\/2025). N\u00e3o h\u00e1 reserva para uma \u00fanica forma\u00e7\u00e3o.<\/p>\n\n\n\n<h3 class=\"wp-block-heading\">\u00c9 poss\u00edvel fazer o licenciamento sem contratar profissional?<\/h3>\n\n\n\n<p class=\"wp-block-paragraph\">O empreendedor \u00e9 o requerente e pode protocolar. O que n\u00e3o se dispensa \u00e9 a responsabilidade t\u00e9cnica pelos estudos e documentos, que exige profissional habilitado com documento de responsabilidade t\u00e9cnica emitido perante o respectivo conselho.<\/p>\n\n\n\n<h3 class=\"wp-block-heading\">Qualquer engenheiro pode assinar um processo de licenciamento?<\/h3>\n\n\n\n<p class=\"wp-block-paragraph\">N\u00e3o. A habilita\u00e7\u00e3o precisa ser compat\u00edvel com a tipologia e a complexidade da atividade e com a \u00e1rea de conhecimento do que est\u00e1 sendo assinado. Em estudos complexos, \u00e9 comum e correto haver mais de um respons\u00e1vel t\u00e9cnico, cada um pela parte que lhe cabe.<\/p>\n\n\n\n<h3 class=\"wp-block-heading\">Quando o licenciamento ambiental \u00e9 exigido?<\/h3>\n\n\n\n<p class=\"wp-block-paragraph\">Na implanta\u00e7\u00e3o, na amplia\u00e7\u00e3o, na altera\u00e7\u00e3o de processo ou insumo com reflexo ambiental, na instala\u00e7\u00e3o de equipamento com impacto associado, na renova\u00e7\u00e3o, na regulariza\u00e7\u00e3o de atividade que j\u00e1 opera sem licen\u00e7a e, quando exigido, na desativa\u00e7\u00e3o.<\/p>\n\n\n\n<h3 class=\"wp-block-heading\">Altera\u00e7\u00e3o pequena na opera\u00e7\u00e3o exige nova licen\u00e7a?<\/h3>\n\n\n\n<p class=\"wp-block-paragraph\">Se a altera\u00e7\u00e3o n\u00e3o incrementa os impactos ambientais negativos j\u00e1 avaliados, de modo a n\u00e3o alterar o enquadramento, ela independe de manifesta\u00e7\u00e3o da autoridade licenciadora \u2014 mas deve ser&nbsp;<strong>comunicada com anteced\u00eancia m\u00ednima de 30 dias<\/strong>. A comunica\u00e7\u00e3o \u00e9 obrigat\u00f3ria; a manifesta\u00e7\u00e3o pr\u00e9via \u00e9 que se dispensa.<\/p>\n\n\n\n<h3 class=\"wp-block-heading\">Um empreendimento pode ser licenciado por dois \u00f3rg\u00e3os?<\/h3>\n\n\n\n<p class=\"wp-block-paragraph\">N\u00e3o. Um empreendimento \u00e9 licenciado por um \u00fanico ente federativo. Outros \u00f3rg\u00e3os podem se manifestar dentro do processo conduzido pela autoridade competente, mas n\u00e3o emitem licen\u00e7a paralela.<\/p>\n\n\n\n<h2 class=\"wp-block-heading\">Definir o caminho certo antes de protocolar<\/h2>\n\n\n\n<p class=\"wp-block-paragraph\">Enquadramento correto, \u00f3rg\u00e3o competente identificado e responsabilidade t\u00e9cnica bem definida s\u00e3o as tr\u00eas decis\u00f5es que determinam o tempo e o custo de um licenciamento. Erradas, produzem retrabalho que nenhuma agilidade posterior compensa.<\/p>\n\n\n\n<p class=\"wp-block-paragraph\">A Exato Solu\u00e7\u00f5es Ocupacionais e Ambientais faz esse enquadramento e conduz o processo junto \u00e0 CETESB e demais \u00f3rg\u00e3os licenciadores, sob responsabilidade t\u00e9cnica do engenheiro Paulo Cassim (CREA-SP 5061290894), com registro nacional de profissional 2602154164. Conhe\u00e7a o escopo de&nbsp;<a href=\"https:\/\/consultoriaexato.com.br\/consultoria-ambiental\/\">atua\u00e7\u00e3o em licenciamento e conformidade ambiental para ind\u00fastrias<\/a>&nbsp;ou fale com a equipe pelo telefone&nbsp;<strong>(16) 99788-8750<\/strong>&nbsp;e pelo e-mail&nbsp;<strong>contato@consultoriaexato.com.br<\/strong>.<\/p>\n\n\n\n<p class=\"wp-block-paragraph\">As condicionantes fixadas na licen\u00e7a costumam gerar rotinas que recaem sobre a opera\u00e7\u00e3o \u2014 amostragem em chamin\u00e9, inspe\u00e7\u00e3o de tanques, manuseio de res\u00edduos perigosos \u2014, e essas rotinas t\u00eam exig\u00eancias pr\u00f3prias de&nbsp;<a href=\"https:\/\/consultoriaexato.com.br\/empresa-de-seguranca-do-trabalho\/\">seguran\u00e7a do trabalho na ind\u00fastria<\/a>&nbsp;que vale dimensionar junto.<\/p>\n\n\n\n<p class=\"wp-block-paragraph\">Quando a planta opera medidores nucleares de n\u00edvel ou densidade, existe uma autoriza\u00e7\u00e3o adicional que n\u00e3o passa pelo \u00f3rg\u00e3o ambiental: a da CNEN, conduzida dentro do&nbsp;<a href=\"https:\/\/consultoriaexato.com.br\/supervisor-de-radioprotecao\/\">programa de prote\u00e7\u00e3o radiol\u00f3gica da instala\u00e7\u00e3o<\/a>.<\/p>\n\n\n\n<h2 class=\"wp-block-heading\">Conte\u00fado relacionado<\/h2>\n\n\n\n<ul class=\"wp-block-list\">\n<li><a href=\"https:\/\/consultoriaexato.com.br\/blog\/licenciamento-ambiental\/\">Licenciamento ambiental: o que \u00e9, para que serve e como funciona<\/a>\u00a0\u2014 para a vis\u00e3o completa do que \u00e9 e para que serve o licenciamento.<\/li>\n\n\n\n<li><a href=\"https:\/\/consultoriaexato.com.br\/blog\/licenca-cetesb\/\">Licen\u00e7a CETESB: modalidades, quem precisa e como enquadrar<\/a>\u00a0\u2014 para o \u00f3rg\u00e3o que conduz o processo em S\u00e3o Paulo.<\/li>\n\n\n\n<li><a href=\"https:\/\/consultoriaexato.com.br\/blog\/consultoria-em-licenciamento-ambiental\/\">Consultoria em licenciamento ambiental: como escolher com crit\u00e9rio<\/a>\u00a0\u2014 para como escolher quem vai conduzir o processo.<\/li>\n<\/ul>\n","protected":false},"excerpt":{"rendered":"<p>Este guia separa os tr\u00eas &#8220;quem&#8221; do licenciamento ambiental, com a base legal de cada um.<\/p>\n","protected":false},"author":1,"featured_media":93,"comment_status":"open","ping_status":"open","sticky":false,"template":"","format":"standard","meta":{"footnotes":""},"categories":[67],"tags":[73,74,75,76,71,77],"class_list":["post-96","post","type-post","status-publish","format-standard","has-post-thumbnail","hentry","category-licenciamento-ambiental","tag-cetesb","tag-competencia","tag-ibama","tag-lc-140-2011","tag-licenciamento-ambiental","tag-responsabilidade-tecnica"],"_links":{"self":[{"href":"https:\/\/consultoriaexato.com.br\/blog\/wp-json\/wp\/v2\/posts\/96","targetHints":{"allow":["GET"]}}],"collection":[{"href":"https:\/\/consultoriaexato.com.br\/blog\/wp-json\/wp\/v2\/posts"}],"about":[{"href":"https:\/\/consultoriaexato.com.br\/blog\/wp-json\/wp\/v2\/types\/post"}],"author":[{"embeddable":true,"href":"https:\/\/consultoriaexato.com.br\/blog\/wp-json\/wp\/v2\/users\/1"}],"replies":[{"embeddable":true,"href":"https:\/\/consultoriaexato.com.br\/blog\/wp-json\/wp\/v2\/comments?post=96"}],"version-history":[{"count":3,"href":"https:\/\/consultoriaexato.com.br\/blog\/wp-json\/wp\/v2\/posts\/96\/revisions"}],"predecessor-version":[{"id":340,"href":"https:\/\/consultoriaexato.com.br\/blog\/wp-json\/wp\/v2\/posts\/96\/revisions\/340"}],"wp:featuredmedia":[{"embeddable":true,"href":"https:\/\/consultoriaexato.com.br\/blog\/wp-json\/wp\/v2\/media\/93"}],"wp:attachment":[{"href":"https:\/\/consultoriaexato.com.br\/blog\/wp-json\/wp\/v2\/media?parent=96"}],"wp:term":[{"taxonomy":"category","embeddable":true,"href":"https:\/\/consultoriaexato.com.br\/blog\/wp-json\/wp\/v2\/categories?post=96"},{"taxonomy":"post_tag","embeddable":true,"href":"https:\/\/consultoriaexato.com.br\/blog\/wp-json\/wp\/v2\/tags?post=96"}],"curies":[{"name":"wp","href":"https:\/\/api.w.org\/{rel}","templated":true}]}}